{"id":2513,"date":"2025-03-07T15:45:00","date_gmt":"2025-03-07T14:45:00","guid":{"rendered":"https:\/\/www.teicee.com\/?p=2513"},"modified":"2025-03-10T16:43:29","modified_gmt":"2025-03-10T15:43:29","slug":"teicee-participe-au-forum-incyber-2025-a-lille","status":"publish","type":"post","link":"https:\/\/www.teicee.com\/en\/teicee-participe-au-forum-incyber-2025-a-lille\/","title":{"rendered":"t\u00e9\u00efc\u00e9e takes part in the InCyber 2025 Forum in Lille"},"content":{"rendered":"<div class=\"wp-block-uagb-container uagb-block-918d23e0 alignfull uagb-is-root-container\"><div class=\"uagb-container-inner-blocks-wrap\">\n<h4 class=\"wp-block-heading\">From Tuesday 1<sup>er<\/sup> April to Thursday 3 April 2025, from 9 a.m. to 5 p.m., meet our team on the <strong>stand E15<\/strong> alongside Campus Normandie Cyber at the InCyber Forum.<\/h4>\n\n\n\n<p>We are delighted to announce that <strong><a href=\"https:\/\/www.teicee.com\/en\/teicee\/\">t\u00e9\u00efc\u00e9e<\/a><\/strong> will be taking part in the 17<sup>th<\/sup> edition <a href=\"https:\/\/europe.forum-incyber.com\/\">european InCyber Forum<\/a> which will be held in Lille from Tuesday 1<sup>er<\/sup> to Thursday 3 April 2025. Every year, this not-to-be-missed event brings together the major players in cybersecurity, offering a unique platform for exchange, innovation and collaboration.<\/p>\n\n\n\n<h2 class=\"wp-block-heading\"><strong>Forum InCyber Europe<\/strong><\/h2>\n\n\n\n<p>The FIC - Forum InCyber - is the annual meeting place for cybersecurity professionals in Europe. It brings together experts, decision-makers, researchers and companies to discuss the current and future challenges of digital security. With over 20,000 participants, 650 partners and 530 speakers, the FIC has become a benchmark event in the field of cybersecurity.<\/p>\n\n\n\n<div class=\"wp-block-uagb-testimonial uagb-slick-carousel uagb-tm__arrow-outside uagb-block-70daee27 uagb-post__carousel_notset uagb-post__carousel_notset-tablet uagb-post__carousel_notset-mobile\"><div class=\"is-carousel uagb-tm__columns-1 uagb-tm__items\"><div class=\"uagb-testimonial__wrap  uagb-tm__imgicon-style-circle uagb-tm__image-position-bottom uagb-tm__bg-type-none\"><div class=\"uagb-tm__content\"><div class=\"uagb-tm__overlay\"><\/div><div class=\"uagb-tm__text-wrap\"><div class=\"uagb-tm__desc\"><em>\u2018Zero Trust has well and truly become the necessary prerequisite for (re)establishing trust for all.\u2019<\/em><\/div><div class=\"uagb-tm__meta-inner\"><div class=\"uagb-testimonial-details\"><span class=\"uagb-tm__author-name\"><strong>General Marc Watin-Augouard<\/strong>Founder &amp; CEO <strong>Guillaume Tissier<\/strong>, General Manager of the InCyber Forum <\/span><span class=\"uagb-tm__company\"><\/span><\/div><\/div><\/div><\/div><\/div><\/div><\/div>\n\n\n\n<p>For this 2025 edition, the theme announced is \" <strong>Beyond Zero Trust: trust for all <\/strong>\". This theme explores how to go beyond the principles of Zero Trust to establish sustainable and secure trust in an ever-changing digital environment.<\/p>\n\n\n\n<p>The <a href=\"https:\/\/europe.forum-incyber.com\/programme-2025\/\">program<\/a> includes plenary lectures, technical workshops, round tables and solution demonstrations. A wealth of presentations from experts in the field.  <\/p>\n\n\n\n<p>The <a href=\"https:\/\/europe.forum-incyber.com\/intervenants-2025\/\">speakers<\/a> come from a variety of backgrounds. Public institutions, private companies, universities and research centres, they will be sharing their expertise and their views on the challenges and opportunities in cybersecurity.<\/p>\n\n\n\n<h3 class=\"wp-block-heading\"><strong>Where can you find us?<\/strong><\/h3>\n\n\n\n<p>Find our experts on the <strong>stand E15<\/strong>, the Campus Normandie Cyber collective. You will have the chance to meet <strong>Philippe Chauvat <\/strong>and <strong>Aur\u00e9lien Bonnani<\/strong>, both co-directors of the company t\u00e9\u00efc\u00e9e. Philippe is a specialist in data backup, security and networks. Aur\u00e9lien is our Linux infrastructure and open source solutions expert. You will also find <strong>Mathieu Valois,<\/strong> our Head of Security, Systems &amp; Networks. He has a doctorate in IT security and is responsible for data protection. Join them at the In Cyber Forum for a chat about te\u00efc\u00e9e's cybersecurity solutions and much more.<\/p>\n\n\n\n<p>This stand is made up of several Campus In Cyber members. Alongside us will be the University of Caen Normandie on <a href=\"https:\/\/www.unicaen.fr\/universite\/axes-strategiques-et-grands-projets\/france-2030\/projet-cyrce-campus-universitaire-caennais-de-cybersecurite\/\">CYRCE project,<\/a> <a href=\"https:\/\/torii-security.fr\/\">Torri Security<\/a>, <a href=\"https:\/\/www.blokkus.fr\/\">Blokkus<\/a>, <a href=\"https:\/\/www.attineos.com\/notre-expertise\/attineos-cybersecurite\/\">Attineos<\/a>, <a href=\"https:\/\/www.ndnm.fr\/\">ndmn<\/a>, <a href=\"https:\/\/www.cnpp.com\/\">CNPP<\/a> and <a href=\"https:\/\/sewlau.fr\/\">Sewlau<\/a>. <\/p>\n\n\n\n<h3 class=\"wp-block-heading\"><strong>Our Campus Normandie Cyber stand<\/strong><\/h3>\n\n\n\n<p>This year, we are delighted to be part of the Campus Normandie Cyber stand, of which we are a member. Visit <a href=\"https:\/\/adnormandie.fr\/campus-normandie-cyber\/\">NORMANDY CYBER CAMPUS<\/a> is a key player in the regional \u2018Normandie Cyber 2024\u2019 strategy. It brings together initiatives to raise awareness, promote and support local organisations in the field of digital security. Approved by the national Cyber Campus, it aims to make Normandy a trusted region in this field.<\/p>\n\n\n\n<div class=\"wp-block-columns is-layout-flex wp-container-core-columns-is-layout-28f84493 wp-block-columns-is-layout-flex\">\n<div class=\"wp-block-column is-layout-flow wp-block-column-is-layout-flow\" style=\"flex-basis:66.66%\">\n<p>Its main objective is to respond to two crucial challenges: to protect and secure the region's economic activity by developing its cyber risk management capabilities, and to transform the cyber security threat into an economic opportunity by strengthening the regional cyber ecosystem. The Normandy Cyber Campus and the services it offers are managed by an association of players in the Normandy cyber ecosystem. <\/p>\n<\/div>\n\n\n\n<div class=\"wp-block-column is-layout-flow wp-block-column-is-layout-flow\" style=\"flex-basis:33.33%\">\n<figure class=\"wp-block-image size-full is-resized\"><img loading=\"lazy\" decoding=\"async\" width=\"429\" height=\"210\" src=\"https:\/\/www.teicee.com\/wp-content\/uploads\/2025\/03\/logo-membre-campus.jpg\" alt=\"Logo adh\u00e9rent Capus Normandie Cyber\" class=\"wp-image-2538\" style=\"width:291px;height:auto\" srcset=\"https:\/\/www.teicee.com\/wp-content\/uploads\/2025\/03\/logo-membre-campus.jpg 429w, https:\/\/www.teicee.com\/wp-content\/uploads\/2025\/03\/logo-membre-campus-300x147.jpg 300w\" sizes=\"auto, (max-width: 429px) 100vw, 429px\" \/><\/figure>\n<\/div>\n<\/div>\n\n\n\n<p>Come and discover <a href=\"https:\/\/www.teicee.com\/en\/solutions-logiciels-libres\/\">our Open Source solutions<\/a> at the InCyber 2025 Forum! <\/p>\n\n\n\n<p>To schedule an appointment, please contact our sales department at <a href=\"mailto:commercial@teicee.com\">commercial@teicee.com<\/a>. You can also reach us by phone on 02 72 34 13 20.<\/p>\n\n\n\n<p>In partnership with <a href=\"https:\/\/www.normandie.fr\/\">Normandy Region<\/a> and <a href=\"https:\/\/adnormandie.fr\/\">AD Normandie<\/a>.<\/p>\n<\/div><\/div>","protected":false},"excerpt":{"rendered":"<p>Du mardi 1er avril au jeudi 3 avril 2025, de 9h \u00e0 17h, retrouvez notre \u00e9quipe sur le stand E15 aux c\u00f4t\u00e9s du Campus Normandie Cyber au Forum InCyber. Nous sommes ravis de vous annoncer que t\u00e9\u00efc\u00e9e participera \u00e0 la 17\u00e8me \u00e9dition europ\u00e9enne du Forum InCyber qui se tiendra \u00e0 Lille du mardi 1er au [&hellip;]<\/p>\n","protected":false},"author":1,"featured_media":2570,"comment_status":"closed","ping_status":"closed","sticky":false,"template":"","format":"standard","meta":{"_acf_changed":false,"_uag_custom_page_level_css":"","footnotes":""},"categories":[1],"tags":[39,27,6],"class_list":["post-2513","post","type-post","status-publish","format-standard","has-post-thumbnail","hentry","category-developpement","tag-cyber-securite","tag-open-source","tag-systemes-securite"],"acf":[],"yoast_head":"<!-- This site is optimized with the Yoast SEO plugin v27.5 - https:\/\/yoast.com\/product\/yoast-seo-wordpress\/ -->\n<title>t\u00e9\u00efc\u00e9e participe au Forum InCyber 2025 \u00e0 Lille - t\u00e9\u00efc\u00e9e<\/title>\n<meta name=\"description\" content=\"D\u00e9couvrez comment t\u00e9\u00efc\u00e9e se pr\u00e9pare \u00e0 participer au Forum InCyber 2025. Rejoignez-nous pour \u00e9changer sur nos solutions cyber !\" \/>\n<meta name=\"robots\" content=\"index, follow, max-snippet:-1, max-image-preview:large, max-video-preview:-1\" \/>\n<link rel=\"canonical\" href=\"https:\/\/www.teicee.com\/en\/teicee-participe-au-forum-incyber-2025-a-lille\/\" \/>\n<meta property=\"og:locale\" content=\"en_GB\" \/>\n<meta property=\"og:type\" content=\"article\" \/>\n<meta property=\"og:title\" content=\"t\u00e9\u00efc\u00e9e participe au Forum InCyber 2025 \u00e0 Lille - t\u00e9\u00efc\u00e9e\" \/>\n<meta property=\"og:description\" content=\"D\u00e9couvrez comment t\u00e9\u00efc\u00e9e se pr\u00e9pare \u00e0 participer au Forum InCyber 2025. Rejoignez-nous pour \u00e9changer sur nos solutions cyber !\" \/>\n<meta property=\"og:url\" content=\"https:\/\/www.teicee.com\/en\/teicee-participe-au-forum-incyber-2025-a-lille\/\" \/>\n<meta property=\"og:site_name\" content=\"t\u00e9\u00efc\u00e9e\" \/>\n<meta property=\"article:publisher\" content=\"https:\/\/www.facebook.com\/teicee\" \/>\n<meta property=\"article:published_time\" content=\"2025-03-07T14:45:00+00:00\" \/>\n<meta property=\"article:modified_time\" content=\"2025-03-10T15:43:29+00:00\" \/>\n<meta property=\"og:image\" content=\"https:\/\/www.teicee.com\/wp-content\/uploads\/2025\/03\/Visuel-blog-FIC2025.png\" \/>\n\t<meta property=\"og:image:width\" content=\"1590\" \/>\n\t<meta property=\"og:image:height\" content=\"294\" \/>\n\t<meta property=\"og:image:type\" content=\"image\/png\" \/>\n<meta name=\"author\" content=\"teicee\" \/>\n<meta name=\"twitter:card\" content=\"summary_large_image\" \/>\n<meta name=\"twitter:label1\" content=\"Written by\" \/>\n\t<meta name=\"twitter:data1\" content=\"teicee\" \/>\n\t<meta name=\"twitter:label2\" content=\"Estimated reading time\" \/>\n\t<meta name=\"twitter:data2\" content=\"4 minutes\" \/>\n<script type=\"application\/ld+json\" class=\"yoast-schema-graph\">{\"@context\":\"https:\\\/\\\/schema.org\",\"@graph\":[{\"@type\":\"Article\",\"@id\":\"https:\\\/\\\/www.teicee.com\\\/teicee-participe-au-forum-incyber-2025-a-lille\\\/#article\",\"isPartOf\":{\"@id\":\"https:\\\/\\\/www.teicee.com\\\/teicee-participe-au-forum-incyber-2025-a-lille\\\/\"},\"author\":{\"name\":\"teicee\",\"@id\":\"https:\\\/\\\/www.teicee.com\\\/#\\\/schema\\\/person\\\/ee830121639f0aa5a359b1b2f06f2ba3\"},\"headline\":\"t\u00e9\u00efc\u00e9e participe au Forum InCyber 2025 \u00e0 Lille\",\"datePublished\":\"2025-03-07T14:45:00+00:00\",\"dateModified\":\"2025-03-10T15:43:29+00:00\",\"mainEntityOfPage\":{\"@id\":\"https:\\\/\\\/www.teicee.com\\\/teicee-participe-au-forum-incyber-2025-a-lille\\\/\"},\"wordCount\":682,\"publisher\":{\"@id\":\"https:\\\/\\\/www.teicee.com\\\/#organization\"},\"image\":{\"@id\":\"https:\\\/\\\/www.teicee.com\\\/teicee-participe-au-forum-incyber-2025-a-lille\\\/#primaryimage\"},\"thumbnailUrl\":\"https:\\\/\\\/www.teicee.com\\\/wp-content\\\/uploads\\\/2025\\\/03\\\/Visuel-blog-FIC2025.png\",\"keywords\":[\"cyber s\u00e9curit\u00e9\",\"Open Source\",\"Syst\u00e8mes &amp; s\u00e9curit\u00e9\"],\"articleSection\":[\"d\u00e9veloppement\"],\"inLanguage\":\"en-GB\"},{\"@type\":\"WebPage\",\"@id\":\"https:\\\/\\\/www.teicee.com\\\/teicee-participe-au-forum-incyber-2025-a-lille\\\/\",\"url\":\"https:\\\/\\\/www.teicee.com\\\/teicee-participe-au-forum-incyber-2025-a-lille\\\/\",\"name\":\"t\u00e9\u00efc\u00e9e participe au Forum InCyber 2025 \u00e0 Lille - t\u00e9\u00efc\u00e9e\",\"isPartOf\":{\"@id\":\"https:\\\/\\\/www.teicee.com\\\/#website\"},\"primaryImageOfPage\":{\"@id\":\"https:\\\/\\\/www.teicee.com\\\/teicee-participe-au-forum-incyber-2025-a-lille\\\/#primaryimage\"},\"image\":{\"@id\":\"https:\\\/\\\/www.teicee.com\\\/teicee-participe-au-forum-incyber-2025-a-lille\\\/#primaryimage\"},\"thumbnailUrl\":\"https:\\\/\\\/www.teicee.com\\\/wp-content\\\/uploads\\\/2025\\\/03\\\/Visuel-blog-FIC2025.png\",\"datePublished\":\"2025-03-07T14:45:00+00:00\",\"dateModified\":\"2025-03-10T15:43:29+00:00\",\"description\":\"D\u00e9couvrez comment t\u00e9\u00efc\u00e9e se pr\u00e9pare \u00e0 participer au Forum InCyber 2025. Rejoignez-nous pour \u00e9changer sur nos solutions cyber !\",\"breadcrumb\":{\"@id\":\"https:\\\/\\\/www.teicee.com\\\/teicee-participe-au-forum-incyber-2025-a-lille\\\/#breadcrumb\"},\"inLanguage\":\"en-GB\",\"potentialAction\":[{\"@type\":\"ReadAction\",\"target\":[\"https:\\\/\\\/www.teicee.com\\\/teicee-participe-au-forum-incyber-2025-a-lille\\\/\"]}]},{\"@type\":\"ImageObject\",\"inLanguage\":\"en-GB\",\"@id\":\"https:\\\/\\\/www.teicee.com\\\/teicee-participe-au-forum-incyber-2025-a-lille\\\/#primaryimage\",\"url\":\"https:\\\/\\\/www.teicee.com\\\/wp-content\\\/uploads\\\/2025\\\/03\\\/Visuel-blog-FIC2025.png\",\"contentUrl\":\"https:\\\/\\\/www.teicee.com\\\/wp-content\\\/uploads\\\/2025\\\/03\\\/Visuel-blog-FIC2025.png\",\"width\":1590,\"height\":294},{\"@type\":\"BreadcrumbList\",\"@id\":\"https:\\\/\\\/www.teicee.com\\\/teicee-participe-au-forum-incyber-2025-a-lille\\\/#breadcrumb\",\"itemListElement\":[{\"@type\":\"ListItem\",\"position\":1,\"name\":\"Accueil\",\"item\":\"https:\\\/\\\/www.teicee.com\\\/\"},{\"@type\":\"ListItem\",\"position\":2,\"name\":\"t\u00e9\u00efc\u00e9e participe au Forum InCyber 2025 \u00e0 Lille\"}]},{\"@type\":\"WebSite\",\"@id\":\"https:\\\/\\\/www.teicee.com\\\/#website\",\"url\":\"https:\\\/\\\/www.teicee.com\\\/\",\"name\":\"t\u00e9\u00efc\u00e9e\",\"description\":\"La raison de votre confiance\",\"publisher\":{\"@id\":\"https:\\\/\\\/www.teicee.com\\\/#organization\"},\"potentialAction\":[{\"@type\":\"SearchAction\",\"target\":{\"@type\":\"EntryPoint\",\"urlTemplate\":\"https:\\\/\\\/www.teicee.com\\\/?s={search_term_string}\"},\"query-input\":{\"@type\":\"PropertyValueSpecification\",\"valueRequired\":true,\"valueName\":\"search_term_string\"}}],\"inLanguage\":\"en-GB\"},{\"@type\":\"Organization\",\"@id\":\"https:\\\/\\\/www.teicee.com\\\/#organization\",\"name\":\"t\u00e9\u00efc\u00e9e\",\"url\":\"https:\\\/\\\/www.teicee.com\\\/\",\"logo\":{\"@type\":\"ImageObject\",\"inLanguage\":\"en-GB\",\"@id\":\"https:\\\/\\\/www.teicee.com\\\/#\\\/schema\\\/logo\\\/image\\\/\",\"url\":\"https:\\\/\\\/www.teicee.com\\\/wp-content\\\/uploads\\\/2023\\\/02\\\/teicee-300dpi-scaled.jpg\",\"contentUrl\":\"https:\\\/\\\/www.teicee.com\\\/wp-content\\\/uploads\\\/2023\\\/02\\\/teicee-300dpi-scaled.jpg\",\"width\":2560,\"height\":1163,\"caption\":\"t\u00e9\u00efc\u00e9e\"},\"image\":{\"@id\":\"https:\\\/\\\/www.teicee.com\\\/#\\\/schema\\\/logo\\\/image\\\/\"},\"sameAs\":[\"https:\\\/\\\/www.facebook.com\\\/teicee\",\"https:\\\/\\\/www.linkedin.com\\\/company\\\/t-c-e\\\/\",\"https:\\\/\\\/www.instagram.com\\\/teicee_fr\\\/\"]},{\"@type\":\"Person\",\"@id\":\"https:\\\/\\\/www.teicee.com\\\/#\\\/schema\\\/person\\\/ee830121639f0aa5a359b1b2f06f2ba3\",\"name\":\"teicee\",\"image\":{\"@type\":\"ImageObject\",\"inLanguage\":\"en-GB\",\"@id\":\"https:\\\/\\\/secure.gravatar.com\\\/avatar\\\/0ad95dfce14efaaf051de69218d35b91e379e05c857dd9b16b80714107dd81a1?s=96&d=mm&r=g\",\"url\":\"https:\\\/\\\/secure.gravatar.com\\\/avatar\\\/0ad95dfce14efaaf051de69218d35b91e379e05c857dd9b16b80714107dd81a1?s=96&d=mm&r=g\",\"contentUrl\":\"https:\\\/\\\/secure.gravatar.com\\\/avatar\\\/0ad95dfce14efaaf051de69218d35b91e379e05c857dd9b16b80714107dd81a1?s=96&d=mm&r=g\",\"caption\":\"teicee\"},\"sameAs\":[\"https:\\\/\\\/www.teicee.com\"],\"url\":\"https:\\\/\\\/www.teicee.com\\\/en\\\/author\\\/teicee\\\/\"}]}<\/script>\n<!-- \/ Yoast SEO plugin. -->","yoast_head_json":{"title":"t\u00e9\u00efc\u00e9e participe au Forum InCyber 2025 \u00e0 Lille - t\u00e9\u00efc\u00e9e","description":"D\u00e9couvrez comment t\u00e9\u00efc\u00e9e se pr\u00e9pare \u00e0 participer au Forum InCyber 2025. Rejoignez-nous pour \u00e9changer sur nos solutions cyber !","robots":{"index":"index","follow":"follow","max-snippet":"max-snippet:-1","max-image-preview":"max-image-preview:large","max-video-preview":"max-video-preview:-1"},"canonical":"https:\/\/www.teicee.com\/en\/teicee-participe-au-forum-incyber-2025-a-lille\/","og_locale":"en_GB","og_type":"article","og_title":"t\u00e9\u00efc\u00e9e participe au Forum InCyber 2025 \u00e0 Lille - t\u00e9\u00efc\u00e9e","og_description":"D\u00e9couvrez comment t\u00e9\u00efc\u00e9e se pr\u00e9pare \u00e0 participer au Forum InCyber 2025. Rejoignez-nous pour \u00e9changer sur nos solutions cyber !","og_url":"https:\/\/www.teicee.com\/en\/teicee-participe-au-forum-incyber-2025-a-lille\/","og_site_name":"t\u00e9\u00efc\u00e9e","article_publisher":"https:\/\/www.facebook.com\/teicee","article_published_time":"2025-03-07T14:45:00+00:00","article_modified_time":"2025-03-10T15:43:29+00:00","og_image":[{"width":1590,"height":294,"url":"https:\/\/www.teicee.com\/wp-content\/uploads\/2025\/03\/Visuel-blog-FIC2025.png","type":"image\/png"}],"author":"teicee","twitter_card":"summary_large_image","twitter_misc":{"Written by":"teicee","Estimated reading time":"4 minutes"},"schema":{"@context":"https:\/\/schema.org","@graph":[{"@type":"Article","@id":"https:\/\/www.teicee.com\/teicee-participe-au-forum-incyber-2025-a-lille\/#article","isPartOf":{"@id":"https:\/\/www.teicee.com\/teicee-participe-au-forum-incyber-2025-a-lille\/"},"author":{"name":"teicee","@id":"https:\/\/www.teicee.com\/#\/schema\/person\/ee830121639f0aa5a359b1b2f06f2ba3"},"headline":"t\u00e9\u00efc\u00e9e participe au Forum InCyber 2025 \u00e0 Lille","datePublished":"2025-03-07T14:45:00+00:00","dateModified":"2025-03-10T15:43:29+00:00","mainEntityOfPage":{"@id":"https:\/\/www.teicee.com\/teicee-participe-au-forum-incyber-2025-a-lille\/"},"wordCount":682,"publisher":{"@id":"https:\/\/www.teicee.com\/#organization"},"image":{"@id":"https:\/\/www.teicee.com\/teicee-participe-au-forum-incyber-2025-a-lille\/#primaryimage"},"thumbnailUrl":"https:\/\/www.teicee.com\/wp-content\/uploads\/2025\/03\/Visuel-blog-FIC2025.png","keywords":["cyber s\u00e9curit\u00e9","Open Source","Syst\u00e8mes &amp; s\u00e9curit\u00e9"],"articleSection":["d\u00e9veloppement"],"inLanguage":"en-GB"},{"@type":"WebPage","@id":"https:\/\/www.teicee.com\/teicee-participe-au-forum-incyber-2025-a-lille\/","url":"https:\/\/www.teicee.com\/teicee-participe-au-forum-incyber-2025-a-lille\/","name":"t\u00e9\u00efc\u00e9e participe au Forum InCyber 2025 \u00e0 Lille - t\u00e9\u00efc\u00e9e","isPartOf":{"@id":"https:\/\/www.teicee.com\/#website"},"primaryImageOfPage":{"@id":"https:\/\/www.teicee.com\/teicee-participe-au-forum-incyber-2025-a-lille\/#primaryimage"},"image":{"@id":"https:\/\/www.teicee.com\/teicee-participe-au-forum-incyber-2025-a-lille\/#primaryimage"},"thumbnailUrl":"https:\/\/www.teicee.com\/wp-content\/uploads\/2025\/03\/Visuel-blog-FIC2025.png","datePublished":"2025-03-07T14:45:00+00:00","dateModified":"2025-03-10T15:43:29+00:00","description":"D\u00e9couvrez comment t\u00e9\u00efc\u00e9e se pr\u00e9pare \u00e0 participer au Forum InCyber 2025. Rejoignez-nous pour \u00e9changer sur nos solutions cyber !","breadcrumb":{"@id":"https:\/\/www.teicee.com\/teicee-participe-au-forum-incyber-2025-a-lille\/#breadcrumb"},"inLanguage":"en-GB","potentialAction":[{"@type":"ReadAction","target":["https:\/\/www.teicee.com\/teicee-participe-au-forum-incyber-2025-a-lille\/"]}]},{"@type":"ImageObject","inLanguage":"en-GB","@id":"https:\/\/www.teicee.com\/teicee-participe-au-forum-incyber-2025-a-lille\/#primaryimage","url":"https:\/\/www.teicee.com\/wp-content\/uploads\/2025\/03\/Visuel-blog-FIC2025.png","contentUrl":"https:\/\/www.teicee.com\/wp-content\/uploads\/2025\/03\/Visuel-blog-FIC2025.png","width":1590,"height":294},{"@type":"BreadcrumbList","@id":"https:\/\/www.teicee.com\/teicee-participe-au-forum-incyber-2025-a-lille\/#breadcrumb","itemListElement":[{"@type":"ListItem","position":1,"name":"Accueil","item":"https:\/\/www.teicee.com\/"},{"@type":"ListItem","position":2,"name":"t\u00e9\u00efc\u00e9e participe au Forum InCyber 2025 \u00e0 Lille"}]},{"@type":"WebSite","@id":"https:\/\/www.teicee.com\/#website","url":"https:\/\/www.teicee.com\/","name":"t\u00e9\u00efc\u00e9e","description":"La raison de votre confiance","publisher":{"@id":"https:\/\/www.teicee.com\/#organization"},"potentialAction":[{"@type":"SearchAction","target":{"@type":"EntryPoint","urlTemplate":"https:\/\/www.teicee.com\/?s={search_term_string}"},"query-input":{"@type":"PropertyValueSpecification","valueRequired":true,"valueName":"search_term_string"}}],"inLanguage":"en-GB"},{"@type":"Organization","@id":"https:\/\/www.teicee.com\/#organization","name":"t\u00e9\u00efc\u00e9e","url":"https:\/\/www.teicee.com\/","logo":{"@type":"ImageObject","inLanguage":"en-GB","@id":"https:\/\/www.teicee.com\/#\/schema\/logo\/image\/","url":"https:\/\/www.teicee.com\/wp-content\/uploads\/2023\/02\/teicee-300dpi-scaled.jpg","contentUrl":"https:\/\/www.teicee.com\/wp-content\/uploads\/2023\/02\/teicee-300dpi-scaled.jpg","width":2560,"height":1163,"caption":"t\u00e9\u00efc\u00e9e"},"image":{"@id":"https:\/\/www.teicee.com\/#\/schema\/logo\/image\/"},"sameAs":["https:\/\/www.facebook.com\/teicee","https:\/\/www.linkedin.com\/company\/t-c-e\/","https:\/\/www.instagram.com\/teicee_fr\/"]},{"@type":"Person","@id":"https:\/\/www.teicee.com\/#\/schema\/person\/ee830121639f0aa5a359b1b2f06f2ba3","name":"teicee","image":{"@type":"ImageObject","inLanguage":"en-GB","@id":"https:\/\/secure.gravatar.com\/avatar\/0ad95dfce14efaaf051de69218d35b91e379e05c857dd9b16b80714107dd81a1?s=96&d=mm&r=g","url":"https:\/\/secure.gravatar.com\/avatar\/0ad95dfce14efaaf051de69218d35b91e379e05c857dd9b16b80714107dd81a1?s=96&d=mm&r=g","contentUrl":"https:\/\/secure.gravatar.com\/avatar\/0ad95dfce14efaaf051de69218d35b91e379e05c857dd9b16b80714107dd81a1?s=96&d=mm&r=g","caption":"teicee"},"sameAs":["https:\/\/www.teicee.com"],"url":"https:\/\/www.teicee.com\/en\/author\/teicee\/"}]}},"uagb_featured_image_src":{"full":["https:\/\/www.teicee.com\/wp-content\/uploads\/2025\/03\/Visuel-blog-FIC2025.png",1590,294,false],"thumbnail":["https:\/\/www.teicee.com\/wp-content\/uploads\/2025\/03\/Visuel-blog-FIC2025-150x150.png",150,150,true],"medium":["https:\/\/www.teicee.com\/wp-content\/uploads\/2025\/03\/Visuel-blog-FIC2025-300x55.png",300,55,true],"medium_large":["https:\/\/www.teicee.com\/wp-content\/uploads\/2025\/03\/Visuel-blog-FIC2025-768x142.png",768,142,true],"large":["https:\/\/www.teicee.com\/wp-content\/uploads\/2025\/03\/Visuel-blog-FIC2025-1024x189.png",1024,189,true],"1536x1536":["https:\/\/www.teicee.com\/wp-content\/uploads\/2025\/03\/Visuel-blog-FIC2025-1536x284.png",1536,284,true],"2048x2048":["https:\/\/www.teicee.com\/wp-content\/uploads\/2025\/03\/Visuel-blog-FIC2025.png",1590,294,false],"trp-custom-language-flag":["https:\/\/www.teicee.com\/wp-content\/uploads\/2025\/03\/Visuel-blog-FIC2025.png",18,3,false]},"uagb_author_info":{"display_name":"teicee","author_link":"https:\/\/www.teicee.com\/en\/author\/teicee\/"},"uagb_comment_info":0,"uagb_excerpt":"Du mardi 1er avril au jeudi 3 avril 2025, de 9h \u00e0 17h, retrouvez notre \u00e9quipe sur le stand E15 aux c\u00f4t\u00e9s du Campus Normandie Cyber au Forum InCyber. Nous sommes ravis de vous annoncer que t\u00e9\u00efc\u00e9e participera \u00e0 la 17\u00e8me \u00e9dition europ\u00e9enne du Forum InCyber qui se tiendra \u00e0 Lille du mardi 1er au&hellip;","_links":{"self":[{"href":"https:\/\/www.teicee.com\/en\/wp-json\/wp\/v2\/posts\/2513","targetHints":{"allow":["GET"]}}],"collection":[{"href":"https:\/\/www.teicee.com\/en\/wp-json\/wp\/v2\/posts"}],"about":[{"href":"https:\/\/www.teicee.com\/en\/wp-json\/wp\/v2\/types\/post"}],"author":[{"embeddable":true,"href":"https:\/\/www.teicee.com\/en\/wp-json\/wp\/v2\/users\/1"}],"replies":[{"embeddable":true,"href":"https:\/\/www.teicee.com\/en\/wp-json\/wp\/v2\/comments?post=2513"}],"version-history":[{"count":37,"href":"https:\/\/www.teicee.com\/en\/wp-json\/wp\/v2\/posts\/2513\/revisions"}],"predecessor-version":[{"id":2568,"href":"https:\/\/www.teicee.com\/en\/wp-json\/wp\/v2\/posts\/2513\/revisions\/2568"}],"wp:featuredmedia":[{"embeddable":true,"href":"https:\/\/www.teicee.com\/en\/wp-json\/wp\/v2\/media\/2570"}],"wp:attachment":[{"href":"https:\/\/www.teicee.com\/en\/wp-json\/wp\/v2\/media?parent=2513"}],"wp:term":[{"taxonomy":"category","embeddable":true,"href":"https:\/\/www.teicee.com\/en\/wp-json\/wp\/v2\/categories?post=2513"},{"taxonomy":"post_tag","embeddable":true,"href":"https:\/\/www.teicee.com\/en\/wp-json\/wp\/v2\/tags?post=2513"}],"curies":[{"name":"wp","href":"https:\/\/api.w.org\/{rel}","templated":true}]}}